{"id":3602,"date":"2026-09-01T17:22:24","date_gmt":"2026-09-01T17:22:24","guid":{"rendered":"https:\/\/sinaloainformativo.com\/?p=3602"},"modified":"2026-09-01T17:22:25","modified_gmt":"2026-09-01T17:22:25","slug":"confirman-muerte-de-el-r5-identificado-como-lider-del-cartel-los-reyes-tras-operativo-en-tocumbo-michoacan","status":"publish","type":"post","link":"https:\/\/sinaloainformativo.com\/index.php\/2026\/09\/01\/confirman-muerte-de-el-r5-identificado-como-lider-del-cartel-los-reyes-tras-operativo-en-tocumbo-michoacan\/","title":{"rendered":"Confirman muerte de &#8216;El R5&#8217;, identificado como l\u00edder del c\u00e1rtel &#8216;Los Reyes&#8217;, tras operativo en Tocumbo, Michoac\u00e1n"},"content":{"rendered":"\n<p class=\"wp-block-paragraph\">La Secretar\u00eda de la Defensa Nacional (Defensa) confirm\u00f3 que Luis Enrique Barrag\u00e1n Ch\u00e1vez, alias&nbsp;<strong>\u201cEl Wicho\u201d o \u201cR5\u201d<\/strong>, presunto l\u00edder del c\u00e1rtel de Los Reyes, fue abatido durante un operativo realizado en el municipio de Tocumbo, Michoac\u00e1n.<\/p>\n\n\n\n<p class=\"wp-block-paragraph\">De acuerdo con las autoridades, Barrag\u00e1n Ch\u00e1vez estaba al frente de una organizaci\u00f3n se\u00f1alada por actividades relacionadas con el tr\u00e1fico de drogas y la extorsi\u00f3n de productores agr\u00edcolas. Hab\u00eda asumido el liderazgo del grupo tras la detenci\u00f3n de Alfonso Fern\u00e1ndez Magall\u00f3n, conocido como&nbsp;<strong>\u201cLa Quiringua\u201d<\/strong>, ocurrida el pasado 1 de agosto.<\/p>\n\n\n\n<p class=\"wp-block-paragraph\">La Defensa inform\u00f3 que, como resultado de labores de inteligencia de la XII Regi\u00f3n Militar, la noche del 30 de agosto de 2026 elementos del Ej\u00e9rcito Mexicano y de la Guardia Nacional, en coordinaci\u00f3n con la Armada, la Secretar\u00eda de Seguridad y Protecci\u00f3n Ciudadana y la Guardia Civil de Michoac\u00e1n, llevaron a cabo un operativo para capturar a \u201cEl Wicho\u201d en la rancher\u00eda Rodeo del Pinal.<\/p>\n\n\n\n<p class=\"wp-block-paragraph\">Seg\u00fan el reporte oficial, durante el despliegue los elementos de seguridad fueron atacados con armas de fuego. Ante la agresi\u00f3n, los efectivos respondieron, provocando la muerte de Barrag\u00e1n Ch\u00e1vez y de uno de sus escoltas.<\/p>\n\n\n\n<p class=\"wp-block-paragraph\">En el lugar fueron asegurados dos fusiles autom\u00e1ticos, adem\u00e1s de cartuchos y cargadores de distintos calibres, as\u00ed como una cuatrimoto.<\/p>\n\n\n\n<p class=\"wp-block-paragraph\">Las autoridades se\u00f1alaron que \u201cEl Wicho\u201d contaba con una orden de detenci\u00f3n provisional con fines de extradici\u00f3n a Estados Unidos. Asimismo, el Departamento de Estado estadounidense ofrec\u00eda una recompensa de&nbsp;<strong>3 millones de d\u00f3lares<\/strong>&nbsp;por informaci\u00f3n que permitiera localizarlo y detenerlo, debido a acusaciones relacionadas con tr\u00e1fico de drogas y armas hacia M\u00e9xico.<\/p>\n\n\n\n<p class=\"wp-block-paragraph\">La informaci\u00f3n oficial tambi\u00e9n vincula a Barrag\u00e1n Ch\u00e1vez con actividades de extorsi\u00f3n en la regi\u00f3n de Los Reyes y se\u00f1ala que manten\u00eda relaci\u00f3n con&nbsp;<strong>Juan Jos\u00e9 Far\u00edas, \u201cEl Abuelo\u201d<\/strong>, identificado como l\u00edder del C\u00e1rtel de Tepalcatepec.<\/p>\n\n\n\n<p class=\"wp-block-paragraph\">Finalmente, la Defensa indic\u00f3 que los cuerpos de los fallecidos y los objetos asegurados fueron entregados a la Fiscal\u00eda General del Estado de Michoac\u00e1n para las investigaciones correspondientes.<\/p>\n","protected":false},"excerpt":{"rendered":"<p>La Secretar\u00eda de la Defensa Nacional (Defensa) confirm\u00f3 que Luis Enrique Barrag\u00e1n Ch\u00e1vez, alias&nbsp;\u201cEl Wicho\u201d o \u201cR5\u201d, presunto l\u00edder del c\u00e1rtel de Los Reyes, fue abatido durante un operativo realizado en el municipio de Tocumbo, Michoac\u00e1n. De acuerdo con las autoridades, Barrag\u00e1n Ch\u00e1vez estaba al frente de una organizaci\u00f3n se\u00f1alada por actividades relacionadas con el &#8230; <a title=\"Confirman muerte de &#8216;El R5&#8217;, identificado como l\u00edder del c\u00e1rtel &#8216;Los Reyes&#8217;, tras operativo en Tocumbo, Michoac\u00e1n\" class=\"read-more\" href=\"https:\/\/sinaloainformativo.com\/index.php\/2026\/09\/01\/confirman-muerte-de-el-r5-identificado-como-lider-del-cartel-los-reyes-tras-operativo-en-tocumbo-michoacan\/\" aria-label=\"M\u00e1s en Confirman muerte de &#8216;El R5&#8217;, identificado como l\u00edder del c\u00e1rtel &#8216;Los Reyes&#8217;, tras operativo en Tocumbo, Michoac\u00e1n\">Leer m\u00e1s<\/a><\/p>\n","protected":false},"author":1,"featured_media":3608,"comment_status":"open","ping_status":"open","sticky":false,"template":"","format":"standard","meta":{"om_disable_all_campaigns":false,"_monsterinsights_skip_tracking":false,"_monsterinsights_sitenote_active":false,"_monsterinsights_sitenote_note":"","_monsterinsights_sitenote_category":0,"footnotes":""},"categories":[1],"tags":[],"class_list":["post-3602","post","type-post","status-publish","format-standard","has-post-thumbnail","hentry","category-uncategorized"],"_links":{"self":[{"href":"https:\/\/sinaloainformativo.com\/index.php\/wp-json\/wp\/v2\/posts\/3602","targetHints":{"allow":["GET"]}}],"collection":[{"href":"https:\/\/sinaloainformativo.com\/index.php\/wp-json\/wp\/v2\/posts"}],"about":[{"href":"https:\/\/sinaloainformativo.com\/index.php\/wp-json\/wp\/v2\/types\/post"}],"author":[{"embeddable":true,"href":"https:\/\/sinaloainformativo.com\/index.php\/wp-json\/wp\/v2\/users\/1"}],"replies":[{"embeddable":true,"href":"https:\/\/sinaloainformativo.com\/index.php\/wp-json\/wp\/v2\/comments?post=3602"}],"version-history":[{"count":1,"href":"https:\/\/sinaloainformativo.com\/index.php\/wp-json\/wp\/v2\/posts\/3602\/revisions"}],"predecessor-version":[{"id":3609,"href":"https:\/\/sinaloainformativo.com\/index.php\/wp-json\/wp\/v2\/posts\/3602\/revisions\/3609"}],"wp:featuredmedia":[{"embeddable":true,"href":"https:\/\/sinaloainformativo.com\/index.php\/wp-json\/wp\/v2\/media\/3608"}],"wp:attachment":[{"href":"https:\/\/sinaloainformativo.com\/index.php\/wp-json\/wp\/v2\/media?parent=3602"}],"wp:term":[{"taxonomy":"category","embeddable":true,"href":"https:\/\/sinaloainformativo.com\/index.php\/wp-json\/wp\/v2\/categories?post=3602"},{"taxonomy":"post_tag","embeddable":true,"href":"https:\/\/sinaloainformativo.com\/index.php\/wp-json\/wp\/v2\/tags?post=3602"}],"curies":[{"name":"wp","href":"https:\/\/api.w.org\/{rel}","templated":true}]}}