{"id":3613,"date":"2026-09-01T17:41:26","date_gmt":"2026-09-01T17:41:26","guid":{"rendered":"https:\/\/sinaloainformativo.com\/?p=3613"},"modified":"2026-09-01T17:41:27","modified_gmt":"2026-09-01T17:41:27","slug":"sheinbaum-destaca-avances-economicos-y-sociales-durante-su-segundo-informe-de-gobierno","status":"publish","type":"post","link":"https:\/\/sinaloainformativo.com\/index.php\/2026\/09\/01\/sheinbaum-destaca-avances-economicos-y-sociales-durante-su-segundo-informe-de-gobierno\/","title":{"rendered":"Sheinbaum destaca avances econ\u00f3micos y sociales durante su Segundo Informe de Gobierno"},"content":{"rendered":"\n<p class=\"wp-block-paragraph\">La presidenta Claudia Sheinbaum present\u00f3 este martes 1 de septiembre su Segundo Informe de Gobierno, donde destac\u00f3 los principales resultados de su administraci\u00f3n en materia econ\u00f3mica, laboral y social, adem\u00e1s de defender la continuidad de la llamada Cuarta Transformaci\u00f3n.<\/p>\n\n\n\n<p class=\"wp-block-paragraph\">Durante su mensaje, la mandataria asegur\u00f3 que su gobierno mantiene como prioridad mejorar las condiciones de vida de la poblaci\u00f3n y fortalecer el papel del Estado en el desarrollo nacional.<\/p>\n\n\n\n<p class=\"wp-block-paragraph\">Entre los principales resultados econ\u00f3micos, Sheinbaum se\u00f1al\u00f3 que la inflaci\u00f3n mantiene una tendencia favorable y afirm\u00f3 que los precios de la gasolina regular y el di\u00e9sel no han aumentado. Tambi\u00e9n destac\u00f3 una reducci\u00f3n en el costo de diversos productos de la canasta b\u00e1sica.<\/p>\n\n\n\n<p class=\"wp-block-paragraph\">La Presidenta resalt\u00f3 adem\u00e1s el comportamiento del peso frente al d\u00f3lar y el crecimiento de la inversi\u00f3n extranjera directa, que durante el primer semestre de 2026 alcanz\u00f3 una cifra cercana a los 35 mil millones de d\u00f3lares.<\/p>\n\n\n\n<p class=\"wp-block-paragraph\">En materia laboral, destac\u00f3 la reducci\u00f3n gradual de la jornada laboral hasta alcanzar las 40 horas semanales en 2030. Asimismo, se\u00f1al\u00f3 que el salario m\u00ednimo ha registrado un importante incremento durante los \u00faltimos a\u00f1os, alcanzando en 2026 los 9 mil 282 pesos mensuales, mientras que en la frontera norte lleg\u00f3 a los 13 mil 409 pesos.<\/p>\n\n\n\n<p class=\"wp-block-paragraph\">Sheinbaum tambi\u00e9n inform\u00f3 que M\u00e9xico cuenta actualmente con alrededor de 60 millones de personas ocupadas y una tasa de desempleo de 2.7 por ciento. Agreg\u00f3 que el salario promedio de los trabajadores formales se encuentra en niveles hist\u00f3ricos.<\/p>\n\n\n\n<p class=\"wp-block-paragraph\">Respecto al desarrollo econ\u00f3mico, anunci\u00f3 que pr\u00f3ximamente ser\u00e1 presentado el paquete fiscal y presupuestal para 2027, con el objetivo de mantener la estabilidad de las finanzas p\u00fablicas y continuar destinando recursos a sectores como salud, educaci\u00f3n y bienestar.<\/p>\n\n\n\n<p class=\"wp-block-paragraph\">La mandataria tambi\u00e9n habl\u00f3 sobre el llamado Plan M\u00e9xico, mediante el cual su administraci\u00f3n busca impulsar la producci\u00f3n nacional, reducir la dependencia de importaciones y fortalecer la inversi\u00f3n. En este sentido, inform\u00f3 que varios de los Polos de Desarrollo Econ\u00f3mico para el Bienestar ya se encuentran en proceso de construcci\u00f3n.<\/p>\n\n\n\n<p class=\"wp-block-paragraph\">En cuanto al gasto p\u00fablico, Sheinbaum asegur\u00f3 que su gobierno ha reducido el gasto corriente y que los recursos obtenidos mediante la recaudaci\u00f3n se han canalizado a programas sociales y obras de infraestructura, entre ellas hospitales, escuelas, viviendas, carreteras, proyectos hidr\u00e1ulicos y trenes.<\/p>\n\n\n\n<p class=\"wp-block-paragraph\">Al finalizar su mensaje, la Presidenta defendi\u00f3 el rumbo de su administraci\u00f3n y afirm\u00f3 que la transformaci\u00f3n del pa\u00eds debe continuar, al tiempo que cuestion\u00f3 las pol\u00edticas de gobiernos anteriores y sostuvo que su administraci\u00f3n busca priorizar el bienestar de la poblaci\u00f3n.<\/p>\n","protected":false},"excerpt":{"rendered":"<p>La presidenta Claudia Sheinbaum present\u00f3 este martes 1 de septiembre su Segundo Informe de Gobierno, donde destac\u00f3 los principales resultados de su administraci\u00f3n en materia econ\u00f3mica, laboral y social, adem\u00e1s de defender la continuidad de la llamada Cuarta Transformaci\u00f3n. Durante su mensaje, la mandataria asegur\u00f3 que su gobierno mantiene como prioridad mejorar las condiciones de &#8230; <a title=\"Sheinbaum destaca avances econ\u00f3micos y sociales durante su Segundo Informe de Gobierno\" class=\"read-more\" href=\"https:\/\/sinaloainformativo.com\/index.php\/2026\/09\/01\/sheinbaum-destaca-avances-economicos-y-sociales-durante-su-segundo-informe-de-gobierno\/\" aria-label=\"M\u00e1s en Sheinbaum destaca avances econ\u00f3micos y sociales durante su Segundo Informe de Gobierno\">Leer m\u00e1s<\/a><\/p>\n","protected":false},"author":1,"featured_media":3614,"comment_status":"open","ping_status":"open","sticky":false,"template":"","format":"standard","meta":{"om_disable_all_campaigns":false,"_monsterinsights_skip_tracking":false,"_monsterinsights_sitenote_active":false,"_monsterinsights_sitenote_note":"","_monsterinsights_sitenote_category":0,"footnotes":""},"categories":[1],"tags":[],"class_list":["post-3613","post","type-post","status-publish","format-standard","has-post-thumbnail","hentry","category-uncategorized"],"_links":{"self":[{"href":"https:\/\/sinaloainformativo.com\/index.php\/wp-json\/wp\/v2\/posts\/3613","targetHints":{"allow":["GET"]}}],"collection":[{"href":"https:\/\/sinaloainformativo.com\/index.php\/wp-json\/wp\/v2\/posts"}],"about":[{"href":"https:\/\/sinaloainformativo.com\/index.php\/wp-json\/wp\/v2\/types\/post"}],"author":[{"embeddable":true,"href":"https:\/\/sinaloainformativo.com\/index.php\/wp-json\/wp\/v2\/users\/1"}],"replies":[{"embeddable":true,"href":"https:\/\/sinaloainformativo.com\/index.php\/wp-json\/wp\/v2\/comments?post=3613"}],"version-history":[{"count":1,"href":"https:\/\/sinaloainformativo.com\/index.php\/wp-json\/wp\/v2\/posts\/3613\/revisions"}],"predecessor-version":[{"id":3615,"href":"https:\/\/sinaloainformativo.com\/index.php\/wp-json\/wp\/v2\/posts\/3613\/revisions\/3615"}],"wp:featuredmedia":[{"embeddable":true,"href":"https:\/\/sinaloainformativo.com\/index.php\/wp-json\/wp\/v2\/media\/3614"}],"wp:attachment":[{"href":"https:\/\/sinaloainformativo.com\/index.php\/wp-json\/wp\/v2\/media?parent=3613"}],"wp:term":[{"taxonomy":"category","embeddable":true,"href":"https:\/\/sinaloainformativo.com\/index.php\/wp-json\/wp\/v2\/categories?post=3613"},{"taxonomy":"post_tag","embeddable":true,"href":"https:\/\/sinaloainformativo.com\/index.php\/wp-json\/wp\/v2\/tags?post=3613"}],"curies":[{"name":"wp","href":"https:\/\/api.w.org\/{rel}","templated":true}]}}